{"id":8082,"date":"2015-02-14T20:02:00","date_gmt":"2015-02-14T19:02:00","guid":{"rendered":"https:\/\/zanat.org\/swedish-plaza-deco-presente-une-histoire-de-10-pages-sur-zanat-et-monica-forster\/"},"modified":"2015-02-14T20:02:00","modified_gmt":"2015-02-14T19:02:00","slug":"swedish-plaza-deco-presente-une-histoire-de-10-pages-sur-zanat-et-monica-forster","status":"publish","type":"post","link":"https:\/\/zanat.org\/fr\/swedish-plaza-deco-presente-une-histoire-de-10-pages-sur-zanat-et-monica-forster\/","title":{"rendered":"Swedish Plaza Deco pr\u00e9sente une histoire de 10 pages sur Zanat et Monica F\u00f6rster"},"content":{"rendered":"<p>Quelques jours avant le lancement officiel de Zanat le 19 janvier 2015 \u00e0 l&rsquo;IMM de Cologne, le r\u00e9dacteur en chef de Plaza Deco, un magazine su\u00e9dois leader sur l&rsquo;architecture et le design d&rsquo;int\u00e9rieur, a rendu visite \u00e0 la ville natale de Zanat, Konjic en Bosnie, avec Monica F\u00f6rster. C&rsquo;\u00e9tait \u00e9videmment le tout premier article de magazine depuis que nous avons lanc\u00e9 Zanat (sans compter les nombreux articles pr\u00e9c\u00e9dents sur la soci\u00e9t\u00e9 m\u00e8re de Zanat bien s\u00fbr) et ce sera toujours sp\u00e9cial, malgr\u00e9 le fait qu&rsquo;un certain nombre d&rsquo;articles dans les principaux magazines internationaux sont \u00e0 venir apr\u00e8s les lancements r\u00e9ussis de Zanat \u00e0 Cologne puis \u00e0 Stockholm. L&rsquo;histoire parle de collaboration avec Monica F\u00f6rster, la longue histoire de savoir-faire sur laquelle Zanat est fond\u00e9 et d\u00e9signe les fondateurs de Zanat comme des visionnaires. <\/p>\n","protected":false},"excerpt":{"rendered":"<p>Quelques jours avant le lancement officiel du Zanat le 19 janvier 2015 \u00e0 l&rsquo;IMM de Cologne, r\u00e9dacteur en chef de Plaza Deco, un magazine su\u00e9dois leader sur l&rsquo;architecture d&rsquo;int\u00e9rieur et le design.<\/p>\n","protected":false},"author":1,"featured_media":6275,"comment_status":"","ping_status":"","sticky":false,"template":"","format":"standard","meta":{"_acf_changed":false,"_monsterinsights_skip_tracking":false,"_monsterinsights_sitenote_active":false,"_monsterinsights_sitenote_note":"","_monsterinsights_sitenote_category":0,"footnotes":""},"categories":[366],"tags":[],"class_list":["post-8082","post","type-post","status-publish","format-standard","has-post-thumbnail","hentry","category-presse"],"acf":[],"yoast_head":"<!-- This site is optimized with the Yoast SEO plugin v26.4 - https:\/\/yoast.com\/wordpress\/plugins\/seo\/ -->\n<title>Swedish Plaza Deco pr\u00e9sente une histoire de 10 pages sur Zanat et Monica F\u00f6rster - ZANAT<\/title>\n<meta name=\"robots\" content=\"index, follow, max-snippet:-1, max-image-preview:large, max-video-preview:-1\" \/>\n<link rel=\"canonical\" href=\"https:\/\/zanat.org\/fr\/swedish-plaza-deco-presente-une-histoire-de-10-pages-sur-zanat-et-monica-forster\/\" \/>\n<meta property=\"og:locale\" content=\"fr_FR\" \/>\n<meta property=\"og:type\" content=\"article\" \/>\n<meta property=\"og:title\" content=\"Swedish Plaza Deco pr\u00e9sente une histoire de 10 pages sur Zanat et Monica F\u00f6rster - ZANAT\" \/>\n<meta property=\"og:description\" content=\"Quelques jours avant le lancement officiel du Zanat le 19 janvier 2015 \u00e0 l&#039;IMM de Cologne, r\u00e9dacteur en chef de Plaza Deco, un magazine su\u00e9dois leader sur l&#039;architecture d&#039;int\u00e9rieur et le design.\" \/>\n<meta property=\"og:url\" content=\"https:\/\/zanat.org\/fr\/swedish-plaza-deco-presente-une-histoire-de-10-pages-sur-zanat-et-monica-forster\/\" \/>\n<meta property=\"og:site_name\" content=\"ZANAT\" \/>\n<meta property=\"article:published_time\" content=\"2015-02-14T19:02:00+00:00\" \/>\n<meta property=\"og:image\" content=\"https:\/\/zanat.org\/wp-content\/uploads\/2021\/09\/1423989265ZsBVm-swedish-plaza-deco-features-a-10-page-story-on-zanat-amp-monica-forster.jpg\" \/>\n\t<meta property=\"og:image:width\" content=\"660\" \/>\n\t<meta property=\"og:image:height\" content=\"366\" \/>\n\t<meta property=\"og:image:type\" content=\"image\/jpeg\" \/>\n<meta name=\"author\" content=\"enes\" \/>\n<meta name=\"twitter:card\" content=\"summary_large_image\" \/>\n<meta name=\"twitter:label1\" content=\"\u00c9crit par\" \/>\n\t<meta name=\"twitter:data1\" content=\"enes\" \/>\n\t<meta name=\"twitter:label2\" content=\"Dur\u00e9e de lecture estim\u00e9e\" \/>\n\t<meta name=\"twitter:data2\" content=\"1 minute\" \/>\n<script type=\"application\/ld+json\" class=\"yoast-schema-graph\">{\"@context\":\"https:\/\/schema.org\",\"@graph\":[{\"@type\":\"WebPage\",\"@id\":\"https:\/\/zanat.org\/fr\/swedish-plaza-deco-presente-une-histoire-de-10-pages-sur-zanat-et-monica-forster\/\",\"url\":\"https:\/\/zanat.org\/fr\/swedish-plaza-deco-presente-une-histoire-de-10-pages-sur-zanat-et-monica-forster\/\",\"name\":\"Swedish Plaza Deco pr\u00e9sente une histoire de 10 pages sur Zanat et Monica F\u00f6rster - ZANAT\",\"isPartOf\":{\"@id\":\"https:\/\/staging.zanat.org\/fr\/#website\"},\"primaryImageOfPage\":{\"@id\":\"https:\/\/zanat.org\/fr\/swedish-plaza-deco-presente-une-histoire-de-10-pages-sur-zanat-et-monica-forster\/#primaryimage\"},\"image\":{\"@id\":\"https:\/\/zanat.org\/fr\/swedish-plaza-deco-presente-une-histoire-de-10-pages-sur-zanat-et-monica-forster\/#primaryimage\"},\"thumbnailUrl\":\"https:\/\/zanat.org\/wp-content\/uploads\/2021\/09\/1423989265ZsBVm-swedish-plaza-deco-features-a-10-page-story-on-zanat-amp-monica-forster.jpg\",\"datePublished\":\"2015-02-14T19:02:00+00:00\",\"author\":{\"@id\":\"https:\/\/staging.zanat.org\/fr\/#\/schema\/person\/66785b5d0762410246d64dd744b52851\"},\"breadcrumb\":{\"@id\":\"https:\/\/zanat.org\/fr\/swedish-plaza-deco-presente-une-histoire-de-10-pages-sur-zanat-et-monica-forster\/#breadcrumb\"},\"inLanguage\":\"fr-FR\",\"potentialAction\":[{\"@type\":\"ReadAction\",\"target\":[\"https:\/\/zanat.org\/fr\/swedish-plaza-deco-presente-une-histoire-de-10-pages-sur-zanat-et-monica-forster\/\"]}]},{\"@type\":\"ImageObject\",\"inLanguage\":\"fr-FR\",\"@id\":\"https:\/\/zanat.org\/fr\/swedish-plaza-deco-presente-une-histoire-de-10-pages-sur-zanat-et-monica-forster\/#primaryimage\",\"url\":\"https:\/\/zanat.org\/wp-content\/uploads\/2021\/09\/1423989265ZsBVm-swedish-plaza-deco-features-a-10-page-story-on-zanat-amp-monica-forster.jpg\",\"contentUrl\":\"https:\/\/zanat.org\/wp-content\/uploads\/2021\/09\/1423989265ZsBVm-swedish-plaza-deco-features-a-10-page-story-on-zanat-amp-monica-forster.jpg\",\"width\":660,\"height\":366},{\"@type\":\"BreadcrumbList\",\"@id\":\"https:\/\/zanat.org\/fr\/swedish-plaza-deco-presente-une-histoire-de-10-pages-sur-zanat-et-monica-forster\/#breadcrumb\",\"itemListElement\":[{\"@type\":\"ListItem\",\"position\":1,\"name\":\"Zanat\",\"item\":\"https:\/\/staging.zanat.org\/fr\/\"},{\"@type\":\"ListItem\",\"position\":2,\"name\":\"Swedish Plaza Deco pr\u00e9sente une histoire de 10 pages sur Zanat et Monica F\u00f6rster\"}]},{\"@type\":\"WebSite\",\"@id\":\"https:\/\/staging.zanat.org\/fr\/#website\",\"url\":\"https:\/\/staging.zanat.org\/fr\/\",\"name\":\"ZANAT\",\"description\":\"Improve your home &amp; improve our world\",\"potentialAction\":[{\"@type\":\"SearchAction\",\"target\":{\"@type\":\"EntryPoint\",\"urlTemplate\":\"https:\/\/staging.zanat.org\/fr\/?s={search_term_string}\"},\"query-input\":{\"@type\":\"PropertyValueSpecification\",\"valueRequired\":true,\"valueName\":\"search_term_string\"}}],\"inLanguage\":\"fr-FR\"},{\"@type\":\"Person\",\"@id\":\"https:\/\/staging.zanat.org\/fr\/#\/schema\/person\/66785b5d0762410246d64dd744b52851\",\"name\":\"enes\",\"image\":{\"@type\":\"ImageObject\",\"inLanguage\":\"fr-FR\",\"@id\":\"https:\/\/staging.zanat.org\/fr\/#\/schema\/person\/image\/\",\"url\":\"https:\/\/secure.gravatar.com\/avatar\/2dc02ebc3bd0332b2d74a0d0381b704b0d81407cbd585541ee5d2636551b542b?s=96&d=mm&r=g\",\"contentUrl\":\"https:\/\/secure.gravatar.com\/avatar\/2dc02ebc3bd0332b2d74a0d0381b704b0d81407cbd585541ee5d2636551b542b?s=96&d=mm&r=g\",\"caption\":\"enes\"},\"sameAs\":[\"https:\/\/zanat.org\/wp\"],\"url\":\"https:\/\/zanat.org\/fr\/author\/enes\/\"}]}<\/script>\n<!-- \/ Yoast SEO plugin. -->","yoast_head_json":{"title":"Swedish Plaza Deco pr\u00e9sente une histoire de 10 pages sur Zanat et Monica F\u00f6rster - ZANAT","robots":{"index":"index","follow":"follow","max-snippet":"max-snippet:-1","max-image-preview":"max-image-preview:large","max-video-preview":"max-video-preview:-1"},"canonical":"https:\/\/zanat.org\/fr\/swedish-plaza-deco-presente-une-histoire-de-10-pages-sur-zanat-et-monica-forster\/","og_locale":"fr_FR","og_type":"article","og_title":"Swedish Plaza Deco pr\u00e9sente une histoire de 10 pages sur Zanat et Monica F\u00f6rster - ZANAT","og_description":"Quelques jours avant le lancement officiel du Zanat le 19 janvier 2015 \u00e0 l'IMM de Cologne, r\u00e9dacteur en chef de Plaza Deco, un magazine su\u00e9dois leader sur l'architecture d'int\u00e9rieur et le design.","og_url":"https:\/\/zanat.org\/fr\/swedish-plaza-deco-presente-une-histoire-de-10-pages-sur-zanat-et-monica-forster\/","og_site_name":"ZANAT","article_published_time":"2015-02-14T19:02:00+00:00","og_image":[{"width":660,"height":366,"url":"https:\/\/zanat.org\/wp-content\/uploads\/2021\/09\/1423989265ZsBVm-swedish-plaza-deco-features-a-10-page-story-on-zanat-amp-monica-forster.jpg","type":"image\/jpeg"}],"author":"enes","twitter_card":"summary_large_image","twitter_misc":{"\u00c9crit par":"enes","Dur\u00e9e de lecture estim\u00e9e":"1 minute"},"schema":{"@context":"https:\/\/schema.org","@graph":[{"@type":"WebPage","@id":"https:\/\/zanat.org\/fr\/swedish-plaza-deco-presente-une-histoire-de-10-pages-sur-zanat-et-monica-forster\/","url":"https:\/\/zanat.org\/fr\/swedish-plaza-deco-presente-une-histoire-de-10-pages-sur-zanat-et-monica-forster\/","name":"Swedish Plaza Deco pr\u00e9sente une histoire de 10 pages sur Zanat et Monica F\u00f6rster - ZANAT","isPartOf":{"@id":"https:\/\/staging.zanat.org\/fr\/#website"},"primaryImageOfPage":{"@id":"https:\/\/zanat.org\/fr\/swedish-plaza-deco-presente-une-histoire-de-10-pages-sur-zanat-et-monica-forster\/#primaryimage"},"image":{"@id":"https:\/\/zanat.org\/fr\/swedish-plaza-deco-presente-une-histoire-de-10-pages-sur-zanat-et-monica-forster\/#primaryimage"},"thumbnailUrl":"https:\/\/zanat.org\/wp-content\/uploads\/2021\/09\/1423989265ZsBVm-swedish-plaza-deco-features-a-10-page-story-on-zanat-amp-monica-forster.jpg","datePublished":"2015-02-14T19:02:00+00:00","author":{"@id":"https:\/\/staging.zanat.org\/fr\/#\/schema\/person\/66785b5d0762410246d64dd744b52851"},"breadcrumb":{"@id":"https:\/\/zanat.org\/fr\/swedish-plaza-deco-presente-une-histoire-de-10-pages-sur-zanat-et-monica-forster\/#breadcrumb"},"inLanguage":"fr-FR","potentialAction":[{"@type":"ReadAction","target":["https:\/\/zanat.org\/fr\/swedish-plaza-deco-presente-une-histoire-de-10-pages-sur-zanat-et-monica-forster\/"]}]},{"@type":"ImageObject","inLanguage":"fr-FR","@id":"https:\/\/zanat.org\/fr\/swedish-plaza-deco-presente-une-histoire-de-10-pages-sur-zanat-et-monica-forster\/#primaryimage","url":"https:\/\/zanat.org\/wp-content\/uploads\/2021\/09\/1423989265ZsBVm-swedish-plaza-deco-features-a-10-page-story-on-zanat-amp-monica-forster.jpg","contentUrl":"https:\/\/zanat.org\/wp-content\/uploads\/2021\/09\/1423989265ZsBVm-swedish-plaza-deco-features-a-10-page-story-on-zanat-amp-monica-forster.jpg","width":660,"height":366},{"@type":"BreadcrumbList","@id":"https:\/\/zanat.org\/fr\/swedish-plaza-deco-presente-une-histoire-de-10-pages-sur-zanat-et-monica-forster\/#breadcrumb","itemListElement":[{"@type":"ListItem","position":1,"name":"Zanat","item":"https:\/\/staging.zanat.org\/fr\/"},{"@type":"ListItem","position":2,"name":"Swedish Plaza Deco pr\u00e9sente une histoire de 10 pages sur Zanat et Monica F\u00f6rster"}]},{"@type":"WebSite","@id":"https:\/\/staging.zanat.org\/fr\/#website","url":"https:\/\/staging.zanat.org\/fr\/","name":"ZANAT","description":"Improve your home &amp; improve our world","potentialAction":[{"@type":"SearchAction","target":{"@type":"EntryPoint","urlTemplate":"https:\/\/staging.zanat.org\/fr\/?s={search_term_string}"},"query-input":{"@type":"PropertyValueSpecification","valueRequired":true,"valueName":"search_term_string"}}],"inLanguage":"fr-FR"},{"@type":"Person","@id":"https:\/\/staging.zanat.org\/fr\/#\/schema\/person\/66785b5d0762410246d64dd744b52851","name":"enes","image":{"@type":"ImageObject","inLanguage":"fr-FR","@id":"https:\/\/staging.zanat.org\/fr\/#\/schema\/person\/image\/","url":"https:\/\/secure.gravatar.com\/avatar\/2dc02ebc3bd0332b2d74a0d0381b704b0d81407cbd585541ee5d2636551b542b?s=96&d=mm&r=g","contentUrl":"https:\/\/secure.gravatar.com\/avatar\/2dc02ebc3bd0332b2d74a0d0381b704b0d81407cbd585541ee5d2636551b542b?s=96&d=mm&r=g","caption":"enes"},"sameAs":["https:\/\/zanat.org\/wp"],"url":"https:\/\/zanat.org\/fr\/author\/enes\/"}]}},"_links":{"self":[{"href":"https:\/\/zanat.org\/fr\/wp-json\/wp\/v2\/posts\/8082","targetHints":{"allow":["GET"]}}],"collection":[{"href":"https:\/\/zanat.org\/fr\/wp-json\/wp\/v2\/posts"}],"about":[{"href":"https:\/\/zanat.org\/fr\/wp-json\/wp\/v2\/types\/post"}],"author":[{"embeddable":true,"href":"https:\/\/zanat.org\/fr\/wp-json\/wp\/v2\/users\/1"}],"replies":[{"embeddable":true,"href":"https:\/\/zanat.org\/fr\/wp-json\/wp\/v2\/comments?post=8082"}],"version-history":[{"count":0,"href":"https:\/\/zanat.org\/fr\/wp-json\/wp\/v2\/posts\/8082\/revisions"}],"wp:featuredmedia":[{"embeddable":true,"href":"https:\/\/zanat.org\/fr\/wp-json\/wp\/v2\/media\/6275"}],"wp:attachment":[{"href":"https:\/\/zanat.org\/fr\/wp-json\/wp\/v2\/media?parent=8082"}],"wp:term":[{"taxonomy":"category","embeddable":true,"href":"https:\/\/zanat.org\/fr\/wp-json\/wp\/v2\/categories?post=8082"},{"taxonomy":"post_tag","embeddable":true,"href":"https:\/\/zanat.org\/fr\/wp-json\/wp\/v2\/tags?post=8082"}],"curies":[{"name":"wp","href":"https:\/\/api.w.org\/{rel}","templated":true}]}}