{"id":7017,"date":"2021-12-17T16:33:28","date_gmt":"2021-12-17T15:33:28","guid":{"rendered":"https:\/\/zanat.org\/le-laureat-du-prix-bruno-mathsson-2021-monica-forster-designer-suedoise-et-directrice-de-la-creation-de-zanat\/"},"modified":"2022-08-24T09:11:13","modified_gmt":"2022-08-24T07:11:13","slug":"le-laureat-du-prix-bruno-mathsson-2021-monica-forster-designer-suedoise-et-directrice-de-la-creation-de-zanat","status":"publish","type":"post","link":"https:\/\/zanat.org\/fr\/le-laureat-du-prix-bruno-mathsson-2021-monica-forster-designer-suedoise-et-directrice-de-la-creation-de-zanat\/","title":{"rendered":"Le laur\u00e9at du prix Bruno Mathsson 2021: Monica F\u00f6rster, designer su\u00e9doise et directrice de la cr\u00e9ation de Zanat."},"content":{"rendered":"<p>Nous avons le plaisir d&rsquo;annoncer le laur\u00e9at du prix Bruno Mathsson 2021: Monica F\u00f6rster, designer su\u00e9doise et directrice de la cr\u00e9ation de Zanat.<\/p>\n<p>Le prix Bruno Mathsson, d\u00e9cern\u00e9 chaque ann\u00e9e depuis 1984, est le plus grand prix de design de la r\u00e9gion nordique. La c\u00e9r\u00e9monie de remise du prix aura lieu le 20 novembre 2021 au mus\u00e9e d&rsquo;art et de design Vandalorum \u00e0 V\u00e4rnamo, \u00e0 l&rsquo;occasion de l&rsquo;ouverture d&rsquo;une grande exposition avec F\u00f6rster \u00e0 Formladan.<\/p>\n<p>Ses dialogues de design transfrontaliers et internationaux surprennent et \u00e9tonnent, tout comme le m\u00e9lange de l\u00e9g\u00e8ret\u00e9 et de poids dans ses expressions cr\u00e9atives. Elle est un loup solitaire ambitieux et engag\u00e9 qui d\u00e9fie les classiques modernes avec une r\u00e9silience inattendue dans ses formes; elle m\u00e9lange \u00e9l\u00e9gance et objectivit\u00e9. Monica a non seulement con\u00e7u un nombre impressionnant de produits prim\u00e9s pour Zanat, mais elle a \u00e9galement \u00e9t\u00e9 la directrice artistique de la marque d\u00e8s le lancement officiel de Zanat, ce qui fait d&rsquo;elle le capitaine infatigable de notre voyage sur les mers du design mondial.<\/p>\n<p>&nbsp;<\/p>\n<p>Photos par Patrik Lindell \/ Vandalorum<\/p>\n","protected":false},"excerpt":{"rendered":"<p>Nous avons le plaisir d&rsquo;annoncer le laur\u00e9at du prix Bruno Mathsson 2021: Monica F\u00f6rster, designer su\u00e9doise et directrice de la cr\u00e9ation de Zanat. Le prix Bruno Mathsson, d\u00e9cern\u00e9 chaque ann\u00e9e depuis 1984, est le plus grand prix de design de la r\u00e9gion nordique. La c\u00e9r\u00e9monie de remise du prix aura lieu le 20 novembre 2021 [&hellip;]<\/p>\n","protected":false},"author":2,"featured_media":6862,"comment_status":"closed","ping_status":"closed","sticky":false,"template":"","format":"standard","meta":{"_acf_changed":false,"_monsterinsights_skip_tracking":false,"_monsterinsights_sitenote_active":false,"_monsterinsights_sitenote_note":"","_monsterinsights_sitenote_category":0,"footnotes":""},"categories":[217],"tags":[],"class_list":["post-7017","post","type-post","status-publish","format-standard","has-post-thumbnail","hentry","category-non-classifiee"],"acf":[],"yoast_head":"<!-- This site is optimized with the Yoast SEO plugin v26.4 - https:\/\/yoast.com\/wordpress\/plugins\/seo\/ -->\n<title>Le laur\u00e9at du prix Bruno Mathsson 2021: Monica F\u00f6rster, designer su\u00e9doise et directrice de la cr\u00e9ation de Zanat. - ZANAT<\/title>\n<meta name=\"robots\" content=\"index, follow, max-snippet:-1, max-image-preview:large, max-video-preview:-1\" \/>\n<link rel=\"canonical\" href=\"https:\/\/zanat.org\/fr\/le-laureat-du-prix-bruno-mathsson-2021-monica-forster-designer-suedoise-et-directrice-de-la-creation-de-zanat\/\" \/>\n<meta property=\"og:locale\" content=\"fr_FR\" \/>\n<meta property=\"og:type\" content=\"article\" \/>\n<meta property=\"og:title\" content=\"Le laur\u00e9at du prix Bruno Mathsson 2021: Monica F\u00f6rster, designer su\u00e9doise et directrice de la cr\u00e9ation de Zanat. - ZANAT\" \/>\n<meta property=\"og:description\" content=\"Nous avons le plaisir d&rsquo;annoncer le laur\u00e9at du prix Bruno Mathsson 2021: Monica F\u00f6rster, designer su\u00e9doise et directrice de la cr\u00e9ation de Zanat. Le prix Bruno Mathsson, d\u00e9cern\u00e9 chaque ann\u00e9e depuis 1984, est le plus grand prix de design de la r\u00e9gion nordique. La c\u00e9r\u00e9monie de remise du prix aura lieu le 20 novembre 2021 [&hellip;]\" \/>\n<meta property=\"og:url\" content=\"https:\/\/zanat.org\/fr\/le-laureat-du-prix-bruno-mathsson-2021-monica-forster-designer-suedoise-et-directrice-de-la-creation-de-zanat\/\" \/>\n<meta property=\"og:site_name\" content=\"ZANAT\" \/>\n<meta property=\"article:published_time\" content=\"2021-12-17T15:33:28+00:00\" \/>\n<meta property=\"article:modified_time\" content=\"2022-08-24T07:11:13+00:00\" \/>\n<meta property=\"og:image\" content=\"https:\/\/zanat.org\/wp-content\/uploads\/2021\/12\/lindell-vr-mforster-169-scaled.jpg\" \/>\n\t<meta property=\"og:image:width\" content=\"2560\" \/>\n\t<meta property=\"og:image:height\" content=\"1920\" \/>\n\t<meta property=\"og:image:type\" content=\"image\/jpeg\" \/>\n<meta name=\"author\" content=\"editor\" \/>\n<meta name=\"twitter:card\" content=\"summary_large_image\" \/>\n<meta name=\"twitter:label1\" content=\"\u00c9crit par\" \/>\n\t<meta name=\"twitter:data1\" content=\"editor\" \/>\n\t<meta name=\"twitter:label2\" content=\"Dur\u00e9e de lecture estim\u00e9e\" \/>\n\t<meta name=\"twitter:data2\" content=\"1 minute\" \/>\n<script type=\"application\/ld+json\" class=\"yoast-schema-graph\">{\"@context\":\"https:\/\/schema.org\",\"@graph\":[{\"@type\":\"WebPage\",\"@id\":\"https:\/\/zanat.org\/fr\/le-laureat-du-prix-bruno-mathsson-2021-monica-forster-designer-suedoise-et-directrice-de-la-creation-de-zanat\/\",\"url\":\"https:\/\/zanat.org\/fr\/le-laureat-du-prix-bruno-mathsson-2021-monica-forster-designer-suedoise-et-directrice-de-la-creation-de-zanat\/\",\"name\":\"Le laur\u00e9at du prix Bruno Mathsson 2021: Monica F\u00f6rster, designer su\u00e9doise et directrice de la cr\u00e9ation de Zanat. - ZANAT\",\"isPartOf\":{\"@id\":\"https:\/\/staging.zanat.org\/fr\/#website\"},\"primaryImageOfPage\":{\"@id\":\"https:\/\/zanat.org\/fr\/le-laureat-du-prix-bruno-mathsson-2021-monica-forster-designer-suedoise-et-directrice-de-la-creation-de-zanat\/#primaryimage\"},\"image\":{\"@id\":\"https:\/\/zanat.org\/fr\/le-laureat-du-prix-bruno-mathsson-2021-monica-forster-designer-suedoise-et-directrice-de-la-creation-de-zanat\/#primaryimage\"},\"thumbnailUrl\":\"https:\/\/zanat.org\/wp-content\/uploads\/2021\/12\/lindell-vr-mforster-169-scaled.jpg\",\"datePublished\":\"2021-12-17T15:33:28+00:00\",\"dateModified\":\"2022-08-24T07:11:13+00:00\",\"author\":{\"@id\":\"https:\/\/staging.zanat.org\/fr\/#\/schema\/person\/b52d1ae4be56ed65033e97ef93b1bf44\"},\"breadcrumb\":{\"@id\":\"https:\/\/zanat.org\/fr\/le-laureat-du-prix-bruno-mathsson-2021-monica-forster-designer-suedoise-et-directrice-de-la-creation-de-zanat\/#breadcrumb\"},\"inLanguage\":\"fr-FR\",\"potentialAction\":[{\"@type\":\"ReadAction\",\"target\":[\"https:\/\/zanat.org\/fr\/le-laureat-du-prix-bruno-mathsson-2021-monica-forster-designer-suedoise-et-directrice-de-la-creation-de-zanat\/\"]}]},{\"@type\":\"ImageObject\",\"inLanguage\":\"fr-FR\",\"@id\":\"https:\/\/zanat.org\/fr\/le-laureat-du-prix-bruno-mathsson-2021-monica-forster-designer-suedoise-et-directrice-de-la-creation-de-zanat\/#primaryimage\",\"url\":\"https:\/\/zanat.org\/wp-content\/uploads\/2021\/12\/lindell-vr-mforster-169-scaled.jpg\",\"contentUrl\":\"https:\/\/zanat.org\/wp-content\/uploads\/2021\/12\/lindell-vr-mforster-169-scaled.jpg\",\"width\":2560,\"height\":1920},{\"@type\":\"BreadcrumbList\",\"@id\":\"https:\/\/zanat.org\/fr\/le-laureat-du-prix-bruno-mathsson-2021-monica-forster-designer-suedoise-et-directrice-de-la-creation-de-zanat\/#breadcrumb\",\"itemListElement\":[{\"@type\":\"ListItem\",\"position\":1,\"name\":\"Zanat\",\"item\":\"https:\/\/staging.zanat.org\/fr\/\"},{\"@type\":\"ListItem\",\"position\":2,\"name\":\"Le laur\u00e9at du prix Bruno Mathsson 2021: Monica F\u00f6rster, designer su\u00e9doise et directrice de la cr\u00e9ation de Zanat.\"}]},{\"@type\":\"WebSite\",\"@id\":\"https:\/\/staging.zanat.org\/fr\/#website\",\"url\":\"https:\/\/staging.zanat.org\/fr\/\",\"name\":\"ZANAT\",\"description\":\"Improve your home &amp; improve our world\",\"potentialAction\":[{\"@type\":\"SearchAction\",\"target\":{\"@type\":\"EntryPoint\",\"urlTemplate\":\"https:\/\/staging.zanat.org\/fr\/?s={search_term_string}\"},\"query-input\":{\"@type\":\"PropertyValueSpecification\",\"valueRequired\":true,\"valueName\":\"search_term_string\"}}],\"inLanguage\":\"fr-FR\"},{\"@type\":\"Person\",\"@id\":\"https:\/\/staging.zanat.org\/fr\/#\/schema\/person\/b52d1ae4be56ed65033e97ef93b1bf44\",\"name\":\"editor\",\"image\":{\"@type\":\"ImageObject\",\"inLanguage\":\"fr-FR\",\"@id\":\"https:\/\/staging.zanat.org\/fr\/#\/schema\/person\/image\/\",\"url\":\"https:\/\/secure.gravatar.com\/avatar\/1b61136aea58267150242e2eb8cc2c233bab29796e045a358b4830160620f144?s=96&d=mm&r=g\",\"contentUrl\":\"https:\/\/secure.gravatar.com\/avatar\/1b61136aea58267150242e2eb8cc2c233bab29796e045a358b4830160620f144?s=96&d=mm&r=g\",\"caption\":\"editor\"},\"url\":\"https:\/\/zanat.org\/fr\/author\/editor\/\"}]}<\/script>\n<!-- \/ Yoast SEO plugin. -->","yoast_head_json":{"title":"Le laur\u00e9at du prix Bruno Mathsson 2021: Monica F\u00f6rster, designer su\u00e9doise et directrice de la cr\u00e9ation de Zanat. - ZANAT","robots":{"index":"index","follow":"follow","max-snippet":"max-snippet:-1","max-image-preview":"max-image-preview:large","max-video-preview":"max-video-preview:-1"},"canonical":"https:\/\/zanat.org\/fr\/le-laureat-du-prix-bruno-mathsson-2021-monica-forster-designer-suedoise-et-directrice-de-la-creation-de-zanat\/","og_locale":"fr_FR","og_type":"article","og_title":"Le laur\u00e9at du prix Bruno Mathsson 2021: Monica F\u00f6rster, designer su\u00e9doise et directrice de la cr\u00e9ation de Zanat. - ZANAT","og_description":"Nous avons le plaisir d&rsquo;annoncer le laur\u00e9at du prix Bruno Mathsson 2021: Monica F\u00f6rster, designer su\u00e9doise et directrice de la cr\u00e9ation de Zanat. Le prix Bruno Mathsson, d\u00e9cern\u00e9 chaque ann\u00e9e depuis 1984, est le plus grand prix de design de la r\u00e9gion nordique. La c\u00e9r\u00e9monie de remise du prix aura lieu le 20 novembre 2021 [&hellip;]","og_url":"https:\/\/zanat.org\/fr\/le-laureat-du-prix-bruno-mathsson-2021-monica-forster-designer-suedoise-et-directrice-de-la-creation-de-zanat\/","og_site_name":"ZANAT","article_published_time":"2021-12-17T15:33:28+00:00","article_modified_time":"2022-08-24T07:11:13+00:00","og_image":[{"width":2560,"height":1920,"url":"https:\/\/zanat.org\/wp-content\/uploads\/2021\/12\/lindell-vr-mforster-169-scaled.jpg","type":"image\/jpeg"}],"author":"editor","twitter_card":"summary_large_image","twitter_misc":{"\u00c9crit par":"editor","Dur\u00e9e de lecture estim\u00e9e":"1 minute"},"schema":{"@context":"https:\/\/schema.org","@graph":[{"@type":"WebPage","@id":"https:\/\/zanat.org\/fr\/le-laureat-du-prix-bruno-mathsson-2021-monica-forster-designer-suedoise-et-directrice-de-la-creation-de-zanat\/","url":"https:\/\/zanat.org\/fr\/le-laureat-du-prix-bruno-mathsson-2021-monica-forster-designer-suedoise-et-directrice-de-la-creation-de-zanat\/","name":"Le laur\u00e9at du prix Bruno Mathsson 2021: Monica F\u00f6rster, designer su\u00e9doise et directrice de la cr\u00e9ation de Zanat. - ZANAT","isPartOf":{"@id":"https:\/\/staging.zanat.org\/fr\/#website"},"primaryImageOfPage":{"@id":"https:\/\/zanat.org\/fr\/le-laureat-du-prix-bruno-mathsson-2021-monica-forster-designer-suedoise-et-directrice-de-la-creation-de-zanat\/#primaryimage"},"image":{"@id":"https:\/\/zanat.org\/fr\/le-laureat-du-prix-bruno-mathsson-2021-monica-forster-designer-suedoise-et-directrice-de-la-creation-de-zanat\/#primaryimage"},"thumbnailUrl":"https:\/\/zanat.org\/wp-content\/uploads\/2021\/12\/lindell-vr-mforster-169-scaled.jpg","datePublished":"2021-12-17T15:33:28+00:00","dateModified":"2022-08-24T07:11:13+00:00","author":{"@id":"https:\/\/staging.zanat.org\/fr\/#\/schema\/person\/b52d1ae4be56ed65033e97ef93b1bf44"},"breadcrumb":{"@id":"https:\/\/zanat.org\/fr\/le-laureat-du-prix-bruno-mathsson-2021-monica-forster-designer-suedoise-et-directrice-de-la-creation-de-zanat\/#breadcrumb"},"inLanguage":"fr-FR","potentialAction":[{"@type":"ReadAction","target":["https:\/\/zanat.org\/fr\/le-laureat-du-prix-bruno-mathsson-2021-monica-forster-designer-suedoise-et-directrice-de-la-creation-de-zanat\/"]}]},{"@type":"ImageObject","inLanguage":"fr-FR","@id":"https:\/\/zanat.org\/fr\/le-laureat-du-prix-bruno-mathsson-2021-monica-forster-designer-suedoise-et-directrice-de-la-creation-de-zanat\/#primaryimage","url":"https:\/\/zanat.org\/wp-content\/uploads\/2021\/12\/lindell-vr-mforster-169-scaled.jpg","contentUrl":"https:\/\/zanat.org\/wp-content\/uploads\/2021\/12\/lindell-vr-mforster-169-scaled.jpg","width":2560,"height":1920},{"@type":"BreadcrumbList","@id":"https:\/\/zanat.org\/fr\/le-laureat-du-prix-bruno-mathsson-2021-monica-forster-designer-suedoise-et-directrice-de-la-creation-de-zanat\/#breadcrumb","itemListElement":[{"@type":"ListItem","position":1,"name":"Zanat","item":"https:\/\/staging.zanat.org\/fr\/"},{"@type":"ListItem","position":2,"name":"Le laur\u00e9at du prix Bruno Mathsson 2021: Monica F\u00f6rster, designer su\u00e9doise et directrice de la cr\u00e9ation de Zanat."}]},{"@type":"WebSite","@id":"https:\/\/staging.zanat.org\/fr\/#website","url":"https:\/\/staging.zanat.org\/fr\/","name":"ZANAT","description":"Improve your home &amp; improve our world","potentialAction":[{"@type":"SearchAction","target":{"@type":"EntryPoint","urlTemplate":"https:\/\/staging.zanat.org\/fr\/?s={search_term_string}"},"query-input":{"@type":"PropertyValueSpecification","valueRequired":true,"valueName":"search_term_string"}}],"inLanguage":"fr-FR"},{"@type":"Person","@id":"https:\/\/staging.zanat.org\/fr\/#\/schema\/person\/b52d1ae4be56ed65033e97ef93b1bf44","name":"editor","image":{"@type":"ImageObject","inLanguage":"fr-FR","@id":"https:\/\/staging.zanat.org\/fr\/#\/schema\/person\/image\/","url":"https:\/\/secure.gravatar.com\/avatar\/1b61136aea58267150242e2eb8cc2c233bab29796e045a358b4830160620f144?s=96&d=mm&r=g","contentUrl":"https:\/\/secure.gravatar.com\/avatar\/1b61136aea58267150242e2eb8cc2c233bab29796e045a358b4830160620f144?s=96&d=mm&r=g","caption":"editor"},"url":"https:\/\/zanat.org\/fr\/author\/editor\/"}]}},"_links":{"self":[{"href":"https:\/\/zanat.org\/fr\/wp-json\/wp\/v2\/posts\/7017","targetHints":{"allow":["GET"]}}],"collection":[{"href":"https:\/\/zanat.org\/fr\/wp-json\/wp\/v2\/posts"}],"about":[{"href":"https:\/\/zanat.org\/fr\/wp-json\/wp\/v2\/types\/post"}],"author":[{"embeddable":true,"href":"https:\/\/zanat.org\/fr\/wp-json\/wp\/v2\/users\/2"}],"replies":[{"embeddable":true,"href":"https:\/\/zanat.org\/fr\/wp-json\/wp\/v2\/comments?post=7017"}],"version-history":[{"count":1,"href":"https:\/\/zanat.org\/fr\/wp-json\/wp\/v2\/posts\/7017\/revisions"}],"predecessor-version":[{"id":8860,"href":"https:\/\/zanat.org\/fr\/wp-json\/wp\/v2\/posts\/7017\/revisions\/8860"}],"wp:featuredmedia":[{"embeddable":true,"href":"https:\/\/zanat.org\/fr\/wp-json\/wp\/v2\/media\/6862"}],"wp:attachment":[{"href":"https:\/\/zanat.org\/fr\/wp-json\/wp\/v2\/media?parent=7017"}],"wp:term":[{"taxonomy":"category","embeddable":true,"href":"https:\/\/zanat.org\/fr\/wp-json\/wp\/v2\/categories?post=7017"},{"taxonomy":"post_tag","embeddable":true,"href":"https:\/\/zanat.org\/fr\/wp-json\/wp\/v2\/tags?post=7017"}],"curies":[{"name":"wp","href":"https:\/\/api.w.org\/{rel}","templated":true}]}}